{"id":228,"date":"2018-06-13T20:34:10","date_gmt":"2018-06-13T20:34:10","guid":{"rendered":"https:\/\/rayusradiology.com\/?p=228"},"modified":"2022-10-25T15:40:46","modified_gmt":"2022-10-25T20:40:46","slug":"sufre-de-alergias-fuertes-tal-vez-necesite-una-tc-de-los-senos-paranasales","status":"publish","type":"post","link":"https:\/\/rayusradiology.com\/blog\/sufre-de-alergias-fuertes-tal-vez-necesite-una-tc-de-los-senos-paranasales\/","title":{"rendered":"\u00bfSufre de alergias fuertes? Tal vez necesite una TC de los senos paranasales"},"content":{"rendered":"<p>A veces la tos, la congesti\u00f3n nasal y los estornudos pueden ser tan persistentes que su otorrinolaring\u00f3logo puede recomendarle una TC de los senos paranasales. Los resultados del examen pueden ayudarles a usted y a su m\u00e9dico a tomar decisiones sobre su tratamiento. La TC permite que su m\u00e9dico pueda ver una imagen detallada de sus senos paranasales y se obtiene en solo 15 minutos. Para tener una idea de c\u00f3mo es una TC de los senos paranasales, vea el siguiente video y sabr\u00e1 que puede esperar:<\/p>\n<p><iframe src=\"https:\/\/www.youtube.com\/embed\/WFNxln3hyWg?rel=0&amp;ecver=2\" width=\"560\" height=\"315\"><\/iframe><\/p>\n<p>El RAYUS ofrece ayuda con el idioma a nuestros pacientes que la necesiten. Estos servicios se ofrecen sin costo para usted. Pida ayuda a cualquier asociado del centro.<\/p>\n","protected":false},"excerpt":{"rendered":"<p>A veces la tos, la congesti\u00f3n nasal y los estornudos pueden ser tan persistentes que su otorrinolaring\u00f3logo puede recomendarle una TC de los senos paranasales. Los resultados del examen pueden ayudarles a usted y a su m\u00e9dico a tomar decisiones sobre su tratamiento. La TC permite que su m\u00e9dico pueda ver una imagen detallada de [&hellip;]<a class=\"cdi-read-more\" href=\"https:\/\/rayusradiology.com\/blog\/sufre-de-alergias-fuertes-tal-vez-necesite-una-tc-de-los-senos-paranasales\/\" rel=\"no-follow\"><span>Read more <i class=\"fas fa-angle-right\"><\/i><\/span><\/a><\/p>\n","protected":false},"author":1,"featured_media":4629,"comment_status":"open","ping_status":"closed","sticky":false,"template":"","format":"standard","meta":{"_acf_changed":false,"_relevanssi_hide_post":"","_relevanssi_hide_content":"","_relevanssi_pin_for_all":"","_relevanssi_pin_keywords":"","_relevanssi_unpin_keywords":"","_relevanssi_related_keywords":"","_relevanssi_related_include_ids":"","_relevanssi_related_exclude_ids":"","_relevanssi_related_no_append":"","_relevanssi_related_not_related":"","_relevanssi_related_posts":"","_relevanssi_noindex_reason":"","inline_featured_image":false,"footnotes":""},"categories":[5],"tags":[348,256,275,350,346,347,349,351],"class_list":["post-228","post","type-post","status-publish","format-standard","has-post-thumbnail","hentry","category-ct","tag-healthcare-in-spanish","tag-rayus","tag-rayus-radiology","tag-sinsus-ct","tag-sinus-ct-in-spanish","tag-spanish-ct-scan","tag-spanish-interpreter-services-at-rayus","tag-spanish-medical-imaging","location_market-massachusetts","location_market-northern-california","location_market-southern-california","location_market-twin-cities","location_market-wisconsin"],"acf":[],"yoast_head":"<!-- This site is optimized with the Yoast SEO plugin v24.9 - https:\/\/yoast.com\/wordpress\/plugins\/seo\/ -->\n<title>\u00bfSufre de alergias fuertes? Tal vez necesite una TC de los senos paranasales - RAYUS Radiology<\/title>\n<meta name=\"description\" content=\"A veces la tos, la congesti\u00f3n nasal y los estornudos pueden ser tan persistentes que su otorrinolaring\u00f3logo puede recomendarle una TC de los senos\" \/>\n<meta name=\"robots\" content=\"index, follow, max-snippet:-1, max-image-preview:large, max-video-preview:-1\" \/>\n<link rel=\"canonical\" href=\"https:\/\/rayusradiology.com\/blog\/sufre-de-alergias-fuertes-tal-vez-necesite-una-tc-de-los-senos-paranasales\/\" \/>\n<meta property=\"og:locale\" content=\"en_US\" \/>\n<meta property=\"og:type\" content=\"article\" \/>\n<meta property=\"og:title\" content=\"\u00bfSufre de alergias fuertes? Tal vez necesite una TC de los senos paranasales - RAYUS Radiology\" \/>\n<meta property=\"og:description\" content=\"A veces la tos, la congesti\u00f3n nasal y los estornudos pueden ser tan persistentes que su otorrinolaring\u00f3logo puede recomendarle una TC de los senos\" \/>\n<meta property=\"og:url\" content=\"https:\/\/rayusradiology.com\/blog\/sufre-de-alergias-fuertes-tal-vez-necesite-una-tc-de-los-senos-paranasales\/\" \/>\n<meta property=\"og:site_name\" content=\"RAYUS Radiology\" \/>\n<meta property=\"article:published_time\" content=\"2018-06-13T20:34:10+00:00\" \/>\n<meta property=\"article:modified_time\" content=\"2022-10-25T20:40:46+00:00\" \/>\n<meta property=\"og:image\" content=\"https:\/\/rayusradiology.com\/wp-content\/uploads\/2018\/06\/TC-de-los-senos-paranasales.jpg\" \/>\n\t<meta property=\"og:image:width\" content=\"512\" \/>\n\t<meta property=\"og:image:height\" content=\"406\" \/>\n\t<meta property=\"og:image:type\" content=\"image\/jpeg\" \/>\n<meta name=\"author\" content=\"mycdiadmin\" \/>\n<meta name=\"twitter:card\" content=\"summary_large_image\" \/>\n<meta name=\"twitter:label1\" content=\"Written by\" \/>\n\t<meta name=\"twitter:data1\" content=\"mycdiadmin\" \/>\n\t<meta name=\"twitter:label2\" content=\"Est. reading time\" \/>\n\t<meta name=\"twitter:data2\" content=\"1 minute\" \/>\n<script type=\"application\/ld+json\" class=\"yoast-schema-graph\">{\"@context\":\"https:\/\/schema.org\",\"@graph\":[{\"@type\":\"Article\",\"@id\":\"https:\/\/rayusradiology.com\/blog\/sufre-de-alergias-fuertes-tal-vez-necesite-una-tc-de-los-senos-paranasales\/#article\",\"isPartOf\":{\"@id\":\"https:\/\/rayusradiology.com\/blog\/sufre-de-alergias-fuertes-tal-vez-necesite-una-tc-de-los-senos-paranasales\/\"},\"author\":{\"name\":\"mycdiadmin\",\"@id\":\"https:\/\/rayusradiology.com\/#\/schema\/person\/7b8a6fbc10fb4dd87f1cc71b2343f445\"},\"headline\":\"\u00bfSufre de alergias fuertes? Tal vez necesite una TC de los senos paranasales\",\"datePublished\":\"2018-06-13T20:34:10+00:00\",\"dateModified\":\"2022-10-25T20:40:46+00:00\",\"mainEntityOfPage\":{\"@id\":\"https:\/\/rayusradiology.com\/blog\/sufre-de-alergias-fuertes-tal-vez-necesite-una-tc-de-los-senos-paranasales\/\"},\"wordCount\":132,\"commentCount\":0,\"publisher\":{\"@id\":\"https:\/\/rayusradiology.com\/#organization\"},\"image\":{\"@id\":\"https:\/\/rayusradiology.com\/blog\/sufre-de-alergias-fuertes-tal-vez-necesite-una-tc-de-los-senos-paranasales\/#primaryimage\"},\"thumbnailUrl\":\"https:\/\/rayusradiology.com\/wp-content\/uploads\/2018\/06\/TC-de-los-senos-paranasales.jpg\",\"keywords\":[\"healthcare in spanish\",\"rayus\",\"rayus radiology\",\"sinsus ct\",\"sinus ct in spanish\",\"spanish ct scan\",\"spanish interpreter services at rayus\",\"spanish medical imaging\"],\"articleSection\":[\"CT\"],\"inLanguage\":\"en-US\",\"potentialAction\":[{\"@type\":\"CommentAction\",\"name\":\"Comment\",\"target\":[\"https:\/\/rayusradiology.com\/blog\/sufre-de-alergias-fuertes-tal-vez-necesite-una-tc-de-los-senos-paranasales\/#respond\"]}]},{\"@type\":\"WebPage\",\"@id\":\"https:\/\/rayusradiology.com\/blog\/sufre-de-alergias-fuertes-tal-vez-necesite-una-tc-de-los-senos-paranasales\/\",\"url\":\"https:\/\/rayusradiology.com\/blog\/sufre-de-alergias-fuertes-tal-vez-necesite-una-tc-de-los-senos-paranasales\/\",\"name\":\"\u00bfSufre de alergias fuertes? Tal vez necesite una TC de los senos paranasales - RAYUS Radiology\",\"isPartOf\":{\"@id\":\"https:\/\/rayusradiology.com\/#website\"},\"primaryImageOfPage\":{\"@id\":\"https:\/\/rayusradiology.com\/blog\/sufre-de-alergias-fuertes-tal-vez-necesite-una-tc-de-los-senos-paranasales\/#primaryimage\"},\"image\":{\"@id\":\"https:\/\/rayusradiology.com\/blog\/sufre-de-alergias-fuertes-tal-vez-necesite-una-tc-de-los-senos-paranasales\/#primaryimage\"},\"thumbnailUrl\":\"https:\/\/rayusradiology.com\/wp-content\/uploads\/2018\/06\/TC-de-los-senos-paranasales.jpg\",\"datePublished\":\"2018-06-13T20:34:10+00:00\",\"dateModified\":\"2022-10-25T20:40:46+00:00\",\"description\":\"A veces la tos, la congesti\u00f3n nasal y los estornudos pueden ser tan persistentes que su otorrinolaring\u00f3logo puede recomendarle una TC de los senos\",\"breadcrumb\":{\"@id\":\"https:\/\/rayusradiology.com\/blog\/sufre-de-alergias-fuertes-tal-vez-necesite-una-tc-de-los-senos-paranasales\/#breadcrumb\"},\"inLanguage\":\"en-US\",\"potentialAction\":[{\"@type\":\"ReadAction\",\"target\":[\"https:\/\/rayusradiology.com\/blog\/sufre-de-alergias-fuertes-tal-vez-necesite-una-tc-de-los-senos-paranasales\/\"]}]},{\"@type\":\"ImageObject\",\"inLanguage\":\"en-US\",\"@id\":\"https:\/\/rayusradiology.com\/blog\/sufre-de-alergias-fuertes-tal-vez-necesite-una-tc-de-los-senos-paranasales\/#primaryimage\",\"url\":\"https:\/\/rayusradiology.com\/wp-content\/uploads\/2018\/06\/TC-de-los-senos-paranasales.jpg\",\"contentUrl\":\"https:\/\/rayusradiology.com\/wp-content\/uploads\/2018\/06\/TC-de-los-senos-paranasales.jpg\",\"width\":512,\"height\":406,\"caption\":\"Patient receiving a head CT\"},{\"@type\":\"BreadcrumbList\",\"@id\":\"https:\/\/rayusradiology.com\/blog\/sufre-de-alergias-fuertes-tal-vez-necesite-una-tc-de-los-senos-paranasales\/#breadcrumb\",\"itemListElement\":[{\"@type\":\"ListItem\",\"position\":1,\"name\":\"Home\",\"item\":\"https:\/\/rayusradiology.com\/\"},{\"@type\":\"ListItem\",\"position\":2,\"name\":\"\u00bfSufre de alergias fuertes? Tal vez necesite una TC de los senos paranasales\"}]},{\"@type\":\"WebSite\",\"@id\":\"https:\/\/rayusradiology.com\/#website\",\"url\":\"https:\/\/rayusradiology.com\/\",\"name\":\"RAYUS Radiology\",\"description\":\"We bring brilliance to health and wellness.\",\"publisher\":{\"@id\":\"https:\/\/rayusradiology.com\/#organization\"},\"potentialAction\":[{\"@type\":\"SearchAction\",\"target\":{\"@type\":\"EntryPoint\",\"urlTemplate\":\"https:\/\/rayusradiology.com\/?s={search_term_string}\"},\"query-input\":{\"@type\":\"PropertyValueSpecification\",\"valueRequired\":true,\"valueName\":\"search_term_string\"}}],\"inLanguage\":\"en-US\"},{\"@type\":\"Organization\",\"@id\":\"https:\/\/rayusradiology.com\/#organization\",\"name\":\"RAYUS Radiology\",\"url\":\"https:\/\/rayusradiology.com\/\",\"logo\":{\"@type\":\"ImageObject\",\"inLanguage\":\"en-US\",\"@id\":\"https:\/\/rayusradiology.com\/#\/schema\/logo\/image\/\",\"url\":\"https:\/\/rayusradiology.com\/wp-content\/uploads\/2021\/10\/cropped-Grey.png\",\"contentUrl\":\"https:\/\/rayusradiology.com\/wp-content\/uploads\/2021\/10\/cropped-Grey.png\",\"width\":878,\"height\":308,\"caption\":\"RAYUS Radiology\"},\"image\":{\"@id\":\"https:\/\/rayusradiology.com\/#\/schema\/logo\/image\/\"}},{\"@type\":\"Person\",\"@id\":\"https:\/\/rayusradiology.com\/#\/schema\/person\/7b8a6fbc10fb4dd87f1cc71b2343f445\",\"name\":\"mycdiadmin\",\"image\":{\"@type\":\"ImageObject\",\"inLanguage\":\"en-US\",\"@id\":\"https:\/\/rayusradiology.com\/#\/schema\/person\/image\/\",\"url\":\"https:\/\/secure.gravatar.com\/avatar\/b5ddde667348ea1453947dd9cd26f77efbea7efe79e7ac74ec0b577584bbe1a4?s=96&d=mm&r=g\",\"contentUrl\":\"https:\/\/secure.gravatar.com\/avatar\/b5ddde667348ea1453947dd9cd26f77efbea7efe79e7ac74ec0b577584bbe1a4?s=96&d=mm&r=g\",\"caption\":\"mycdiadmin\"},\"url\":\"https:\/\/rayusradiology.com\/blog\/author\/mycdiadmin\/\"}]}<\/script>\n<!-- \/ Yoast SEO plugin. -->","yoast_head_json":{"title":"\u00bfSufre de alergias fuertes? Tal vez necesite una TC de los senos paranasales - RAYUS Radiology","description":"A veces la tos, la congesti\u00f3n nasal y los estornudos pueden ser tan persistentes que su otorrinolaring\u00f3logo puede recomendarle una TC de los senos","robots":{"index":"index","follow":"follow","max-snippet":"max-snippet:-1","max-image-preview":"max-image-preview:large","max-video-preview":"max-video-preview:-1"},"canonical":"https:\/\/rayusradiology.com\/blog\/sufre-de-alergias-fuertes-tal-vez-necesite-una-tc-de-los-senos-paranasales\/","og_locale":"en_US","og_type":"article","og_title":"\u00bfSufre de alergias fuertes? Tal vez necesite una TC de los senos paranasales - RAYUS Radiology","og_description":"A veces la tos, la congesti\u00f3n nasal y los estornudos pueden ser tan persistentes que su otorrinolaring\u00f3logo puede recomendarle una TC de los senos","og_url":"https:\/\/rayusradiology.com\/blog\/sufre-de-alergias-fuertes-tal-vez-necesite-una-tc-de-los-senos-paranasales\/","og_site_name":"RAYUS Radiology","article_published_time":"2018-06-13T20:34:10+00:00","article_modified_time":"2022-10-25T20:40:46+00:00","og_image":[{"width":512,"height":406,"url":"https:\/\/rayusradiology.com\/wp-content\/uploads\/2018\/06\/TC-de-los-senos-paranasales.jpg","type":"image\/jpeg"}],"author":"mycdiadmin","twitter_card":"summary_large_image","twitter_misc":{"Written by":"mycdiadmin","Est. reading time":"1 minute"},"schema":{"@context":"https:\/\/schema.org","@graph":[{"@type":"Article","@id":"https:\/\/rayusradiology.com\/blog\/sufre-de-alergias-fuertes-tal-vez-necesite-una-tc-de-los-senos-paranasales\/#article","isPartOf":{"@id":"https:\/\/rayusradiology.com\/blog\/sufre-de-alergias-fuertes-tal-vez-necesite-una-tc-de-los-senos-paranasales\/"},"author":{"name":"mycdiadmin","@id":"https:\/\/rayusradiology.com\/#\/schema\/person\/7b8a6fbc10fb4dd87f1cc71b2343f445"},"headline":"\u00bfSufre de alergias fuertes? Tal vez necesite una TC de los senos paranasales","datePublished":"2018-06-13T20:34:10+00:00","dateModified":"2022-10-25T20:40:46+00:00","mainEntityOfPage":{"@id":"https:\/\/rayusradiology.com\/blog\/sufre-de-alergias-fuertes-tal-vez-necesite-una-tc-de-los-senos-paranasales\/"},"wordCount":132,"commentCount":0,"publisher":{"@id":"https:\/\/rayusradiology.com\/#organization"},"image":{"@id":"https:\/\/rayusradiology.com\/blog\/sufre-de-alergias-fuertes-tal-vez-necesite-una-tc-de-los-senos-paranasales\/#primaryimage"},"thumbnailUrl":"https:\/\/rayusradiology.com\/wp-content\/uploads\/2018\/06\/TC-de-los-senos-paranasales.jpg","keywords":["healthcare in spanish","rayus","rayus radiology","sinsus ct","sinus ct in spanish","spanish ct scan","spanish interpreter services at rayus","spanish medical imaging"],"articleSection":["CT"],"inLanguage":"en-US","potentialAction":[{"@type":"CommentAction","name":"Comment","target":["https:\/\/rayusradiology.com\/blog\/sufre-de-alergias-fuertes-tal-vez-necesite-una-tc-de-los-senos-paranasales\/#respond"]}]},{"@type":"WebPage","@id":"https:\/\/rayusradiology.com\/blog\/sufre-de-alergias-fuertes-tal-vez-necesite-una-tc-de-los-senos-paranasales\/","url":"https:\/\/rayusradiology.com\/blog\/sufre-de-alergias-fuertes-tal-vez-necesite-una-tc-de-los-senos-paranasales\/","name":"\u00bfSufre de alergias fuertes? Tal vez necesite una TC de los senos paranasales - RAYUS Radiology","isPartOf":{"@id":"https:\/\/rayusradiology.com\/#website"},"primaryImageOfPage":{"@id":"https:\/\/rayusradiology.com\/blog\/sufre-de-alergias-fuertes-tal-vez-necesite-una-tc-de-los-senos-paranasales\/#primaryimage"},"image":{"@id":"https:\/\/rayusradiology.com\/blog\/sufre-de-alergias-fuertes-tal-vez-necesite-una-tc-de-los-senos-paranasales\/#primaryimage"},"thumbnailUrl":"https:\/\/rayusradiology.com\/wp-content\/uploads\/2018\/06\/TC-de-los-senos-paranasales.jpg","datePublished":"2018-06-13T20:34:10+00:00","dateModified":"2022-10-25T20:40:46+00:00","description":"A veces la tos, la congesti\u00f3n nasal y los estornudos pueden ser tan persistentes que su otorrinolaring\u00f3logo puede recomendarle una TC de los senos","breadcrumb":{"@id":"https:\/\/rayusradiology.com\/blog\/sufre-de-alergias-fuertes-tal-vez-necesite-una-tc-de-los-senos-paranasales\/#breadcrumb"},"inLanguage":"en-US","potentialAction":[{"@type":"ReadAction","target":["https:\/\/rayusradiology.com\/blog\/sufre-de-alergias-fuertes-tal-vez-necesite-una-tc-de-los-senos-paranasales\/"]}]},{"@type":"ImageObject","inLanguage":"en-US","@id":"https:\/\/rayusradiology.com\/blog\/sufre-de-alergias-fuertes-tal-vez-necesite-una-tc-de-los-senos-paranasales\/#primaryimage","url":"https:\/\/rayusradiology.com\/wp-content\/uploads\/2018\/06\/TC-de-los-senos-paranasales.jpg","contentUrl":"https:\/\/rayusradiology.com\/wp-content\/uploads\/2018\/06\/TC-de-los-senos-paranasales.jpg","width":512,"height":406,"caption":"Patient receiving a head CT"},{"@type":"BreadcrumbList","@id":"https:\/\/rayusradiology.com\/blog\/sufre-de-alergias-fuertes-tal-vez-necesite-una-tc-de-los-senos-paranasales\/#breadcrumb","itemListElement":[{"@type":"ListItem","position":1,"name":"Home","item":"https:\/\/rayusradiology.com\/"},{"@type":"ListItem","position":2,"name":"\u00bfSufre de alergias fuertes? Tal vez necesite una TC de los senos paranasales"}]},{"@type":"WebSite","@id":"https:\/\/rayusradiology.com\/#website","url":"https:\/\/rayusradiology.com\/","name":"RAYUS Radiology","description":"We bring brilliance to health and wellness.","publisher":{"@id":"https:\/\/rayusradiology.com\/#organization"},"potentialAction":[{"@type":"SearchAction","target":{"@type":"EntryPoint","urlTemplate":"https:\/\/rayusradiology.com\/?s={search_term_string}"},"query-input":{"@type":"PropertyValueSpecification","valueRequired":true,"valueName":"search_term_string"}}],"inLanguage":"en-US"},{"@type":"Organization","@id":"https:\/\/rayusradiology.com\/#organization","name":"RAYUS Radiology","url":"https:\/\/rayusradiology.com\/","logo":{"@type":"ImageObject","inLanguage":"en-US","@id":"https:\/\/rayusradiology.com\/#\/schema\/logo\/image\/","url":"https:\/\/rayusradiology.com\/wp-content\/uploads\/2021\/10\/cropped-Grey.png","contentUrl":"https:\/\/rayusradiology.com\/wp-content\/uploads\/2021\/10\/cropped-Grey.png","width":878,"height":308,"caption":"RAYUS Radiology"},"image":{"@id":"https:\/\/rayusradiology.com\/#\/schema\/logo\/image\/"}},{"@type":"Person","@id":"https:\/\/rayusradiology.com\/#\/schema\/person\/7b8a6fbc10fb4dd87f1cc71b2343f445","name":"mycdiadmin","image":{"@type":"ImageObject","inLanguage":"en-US","@id":"https:\/\/rayusradiology.com\/#\/schema\/person\/image\/","url":"https:\/\/secure.gravatar.com\/avatar\/b5ddde667348ea1453947dd9cd26f77efbea7efe79e7ac74ec0b577584bbe1a4?s=96&d=mm&r=g","contentUrl":"https:\/\/secure.gravatar.com\/avatar\/b5ddde667348ea1453947dd9cd26f77efbea7efe79e7ac74ec0b577584bbe1a4?s=96&d=mm&r=g","caption":"mycdiadmin"},"url":"https:\/\/rayusradiology.com\/blog\/author\/mycdiadmin\/"}]}},"_links":{"self":[{"href":"https:\/\/rayusradiology.com\/wp-json\/wp\/v2\/posts\/228","targetHints":{"allow":["GET"]}}],"collection":[{"href":"https:\/\/rayusradiology.com\/wp-json\/wp\/v2\/posts"}],"about":[{"href":"https:\/\/rayusradiology.com\/wp-json\/wp\/v2\/types\/post"}],"author":[{"embeddable":true,"href":"https:\/\/rayusradiology.com\/wp-json\/wp\/v2\/users\/1"}],"replies":[{"embeddable":true,"href":"https:\/\/rayusradiology.com\/wp-json\/wp\/v2\/comments?post=228"}],"version-history":[{"count":0,"href":"https:\/\/rayusradiology.com\/wp-json\/wp\/v2\/posts\/228\/revisions"}],"wp:featuredmedia":[{"embeddable":true,"href":"https:\/\/rayusradiology.com\/wp-json\/wp\/v2\/media\/4629"}],"wp:attachment":[{"href":"https:\/\/rayusradiology.com\/wp-json\/wp\/v2\/media?parent=228"}],"wp:term":[{"taxonomy":"category","embeddable":true,"href":"https:\/\/rayusradiology.com\/wp-json\/wp\/v2\/categories?post=228"},{"taxonomy":"post_tag","embeddable":true,"href":"https:\/\/rayusradiology.com\/wp-json\/wp\/v2\/tags?post=228"}],"curies":[{"name":"wp","href":"https:\/\/api.w.org\/{rel}","templated":true}]}}